{"id":31985,"date":"2025-07-24T02:08:54","date_gmt":"2025-07-23T18:08:54","guid":{"rendered":"https:\/\/seehiddenproblems.com\/laguna-fire-update-july-23-2025-los-alamos-daily-post\/"},"modified":"2025-07-24T02:08:54","modified_gmt":"2025-07-23T18:08:54","slug":"laguna-fire-update-july-23-2025-los-alamos-daily-post","status":"publish","type":"post","link":"https:\/\/seehiddenproblems.com\/es\/laguna-fire-update-july-23-2025-los-alamos-daily-post\/","title":{"rendered":"Laguna Fire Update: July 23, 2025 &#8211; Los Alamos Daily Post"},"content":{"rendered":"<p>Planck Vision Systems fabrica soluciones de imagen t\u00e9rmica para inspecci\u00f3n port\u00e1til y monitorizaci\u00f3n 24\/7 de aplicaciones comerciales incluyendo: Detecci\u00f3n temprana de incendios, fabricaci\u00f3n, subestaciones y t\u00faneles, cuadros y armarios el\u00e9ctricos, instalaciones de almacenamiento, centros de datos y detecci\u00f3n de temperatura corporal elevada. Nuestra empresa tiene su sede en Santa B\u00e1rbara CA, la capital de las tecnolog\u00edas de detecci\u00f3n por infrarrojos en los Estados Unidos. Fundada en 2020, nuestro equipo de dise\u00f1o ha trabajado conjuntamente durante m\u00e1s de 15 a\u00f1os en sistemas de c\u00e1maras t\u00e9rmicas\/visibles y en productos que actualmente se distribuyen por todo el mundo.  Nuestros sistemas probados se han instalado en todo el mundo en aplicaciones comerciales para la producci\u00f3n y distribuci\u00f3n de energ\u00eda, producci\u00f3n de alimentos, transporte, automatizaci\u00f3n industrial y detecci\u00f3n de temperatura corporal elevada (EBT).<br \/><img fetchpriority=\"high\" decoding=\"async\" class=\"alignnone wp-image-992307\" src=\"https:\/\/ladailypost.com\/wp-content\/uploads\/2025\/07\/Screenshot-2025-07-23-114349.png\" alt=\"\" width=\"629\" height=\"829\" \/><br \/><strong>SFNF News:<\/strong><br \/><span style=\"color: #000000;\"><strong>Acres:<\/strong> 16,934 \u00a0\u00a0\u00a0\u00a0\u00a0\u00a0\u00a0\u00a0\u00a0\u00a0\u00a0\u00a0\u00a0\u00a0\u00a0\u00a0\u00a0\u00a0\u00a0\u00a0\u00a0\u00a0\u00a0\u00a0\u00a0\u00a0\u00a0\u00a0\u00a0\u00a0\u00a0\u00a0\u00a0\u00a0\u00a0\u00a0\u00a0\u00a0\u00a0\u00a0\u00a0\u00a0\u00a0\u00a0\u00a0\u00a0\u00a0\u00a0\u00a0\u00a0\u00a0\u00a0\u00a0\u00a0\u00a0\u00a0\u00a0\u00a0\u00a0\u00a0\u00a0\u00a0\u00a0\u00a0\u00a0\u00a0\u00a0\u00a0\u00a0\u00a0\u00a0\u00a0\u00a0 \u00a0\u00a0\u00a0\u00a0\u00a0\u00a0\u00a0\u00a0\u00a0\u00a0\u00a0<\/span><br \/><span style=\"color: #000000;\"><strong>Start Date:<\/strong> 06\/25\/2025<\/span><br \/><span style=\"color: #000000;\"><strong>Location:<\/strong> Gallina, NM \u00a0\u00a0\u00a0\u00a0\u00a0\u00a0\u00a0\u00a0\u00a0\u00a0\u00a0\u00a0\u00a0\u00a0\u00a0\u00a0\u00a0\u00a0\u00a0\u00a0\u00a0\u00a0\u00a0\u00a0\u00a0\u00a0\u00a0\u00a0\u00a0\u00a0\u00a0\u00a0\u00a0\u00a0\u00a0\u00a0\u00a0\u00a0\u00a0\u00a0\u00a0\u00a0\u00a0\u00a0\u00a0\u00a0\u00a0\u00a0\u00a0\u00a0\u00a0\u00a0\u00a0\u00a0\u00a0\u00a0\u00a0\u00a0\u00a0\u00a0 \u00a0\u00a0\u00a0\u00a0\u00a0\u00a0\u00a0\u00a0\u00a0\u00a0\u00a0<\/span><br \/><span style=\"color: #000000;\"><strong>Cause:<\/strong> Lightning<\/span><br \/><span style=\"color: #000000;\"><strong>Personnel:\u00a0<\/strong>297 \u00a0\u00a0\u00a0\u00a0\u00a0\u00a0\u00a0\u00a0\u00a0\u00a0\u00a0\u00a0\u00a0\u00a0\u00a0\u00a0\u00a0\u00a0\u00a0\u00a0\u00a0\u00a0\u00a0\u00a0\u00a0\u00a0\u00a0\u00a0\u00a0\u00a0\u00a0\u00a0\u00a0\u00a0\u00a0\u00a0\u00a0\u00a0\u00a0\u00a0\u00a0\u00a0\u00a0\u00a0\u00a0\u00a0\u00a0\u00a0\u00a0\u00a0\u00a0\u00a0\u00a0\u00a0\u00a0\u00a0\u00a0\u00a0\u00a0\u00a0\u00a0\u00a0\u00a0\u00a0\u00a0\u00a0\u00a0\u00a0\u00a0\u00a0\u00a0 \u00a0\u00a0\u00a0\u00a0\u00a0\u00a0\u00a0\u00a0\u00a0\u00a0\u00a0<\/span><br \/><span style=\"color: #000000;\"><strong>Fuels:<\/strong> Oak brush, Pi\u00f1on-juniper, and mixed conifer<\/span><br \/><span style=\"color: #000000;\"><strong>Containment:<\/strong> 55%<\/span><br \/><span style=\"color: #000000;\"><strong>Resources:<\/strong> 2 crews | 9 engines | 4 helicopters | 2 unmanned aircraft system | 2 water tenders | 2 dozer | 3 ambulance<\/span><br \/><span style=\"color: #000000;\"><strong>Highlights:<\/strong>\u00a0Cooler temperatures and higher humidity levels across the region are helping firefighters strengthen containment lines as aerial resources continue with strategic firing operations.<\/span><br \/><span style=\"color: #000000;\"><strong>Fire Activity:\u00a0<\/strong>Firefighters assigned to the Laguna Fire, located approximately 4 miles northeast of Gallina, NM, continue to work towards objectives with strategic firing operations yesterday along both the northern and eastern perimeters of the fire. These efforts secured the fire\u2019s edge to established containment lines while taking advantage of natural landscape features to help limit the fire\u2019s spread. To maintain oversight of the fire area overnight, firefighters staffed two wildland fire engines overnight at Gallina Ranch. Their focus was to monitor the western flank of the fire and to ensure the perimeter remained secure overnight.<\/span><br \/><span style=\"color: #000000;\">The completion of yesterday\u2019s operations marks continued progress toward key incident objectives: keeping the fire south of the Rio Chama corridor and west of La Presa Canyon, while prioritizing firefighter and public safety in the surrounding area.<\/span><br \/><span style=\"color: #000000;\">Aviation resources played a critical role in yesterday\u2019s success. There are currently three, type 1 helicopters and one type 3 helicopter in addition to two unmanned aircraft systems (UAS) assigned to the fire. Yesterday the Type 3 helicopter and UAS were deployed to assist ground crews with ignitions in areas too steep and inaccessible for safe foot access. These aerial assets provided critical support while reducing exposure risk for firefighters working in rugged terrain.<\/span><br \/><span style=\"color: #000000;\"><strong>Weather:\u00a0<\/strong>While monsoonal moisture brought rain and gusty winds to much of New Mexico, the Laguna Fire area saw minimal direct impact from the current weather pattern. Cooler temperatures and overcast skies did, however, help moderate fire behavior, creating ideal conditions for the planned firing operations. A hotter and drier weather pattern is expected to blanket the fire area by the start of the weekend. The change in weather conditions may increase the fire activity and interior islands may become active and exhibit high to extreme fire behavior, however this activity poses no threat to the containment lines.<\/span><br \/><span style=\"color: #000000;\"><strong>Smoke:\u00a0<\/strong>Area residents can expect to see continued smoke from the Laguna Fire. Please use caution when driving in the area. For the most up-to-date smoke information, visit <span style=\"color: #0000ff;\"><a style=\"color: #0000ff;\" rel=\"noopener nofollow\" href=\"https:\/\/outlooks.wildlandfiresmoke.net\/outlook\/a60ea7fd\" target=\"_blank\">https:\/\/outlooks.wildlandfiresmoke.net\/outlook\/a60ea7fd<\/a>?<\/span><\/span><br \/><span style=\"color: #000000;\"><strong>Closures and Flight Restrictions:<\/strong> A closure order is in place for USFS lands in the area. To view the complete order, visit <span style=\"color: #0000ff;\"><a style=\"color: #0000ff;\" rel=\"noopener nofollow\" href=\"https:\/\/www.fs.usda.gov\/r03\/santafe\/alerts\/laguna-wildfire-closure-order\" target=\"_blank\">https:\/\/www.fs.usda.gov\/r03\/santafe\/alerts\/laguna-wildfire-closure-order<\/a><\/span>. A Temporary Flight Restriction (TFR) is also in place for the area. For current TFR maps, visit<span style=\"color: #0000ff;\"> <a style=\"color: #0000ff;\" rel=\"noopener nofollow\" href=\"https:\/\/tfr.faa.gov\/tfr3\/?page=list\" target=\"_blank\">https:\/\/tfr.faa.gov\/tfr3\/?page=list<\/a><\/span><\/span><br \/><span style=\"color: #000000;\"><strong>Evacuations:\u00a0<\/strong>Gallina Ranch remains in GO evacuation status, and the Monastery of Christ in the Desert remains in SET status. For complete information on evacuations in New Mexico, visit <span style=\"color: #0000ff;\"><a style=\"color: #0000ff;\" rel=\"noopener nofollow\" href=\"https:\/\/www.emnrd.nm.gov\/sfd\/fire-prevention-programs\/ready-set-go-new-mexico\/\" target=\"_blank\">https:\/\/www.emnrd.nm.gov\/sfd\/fire-prevention-programs\/ready-set-go-new-mexico\/<\/a><\/span><\/span><br \/><img loading=\"lazy\" decoding=\"async\" class=\"alignnone wp-image-992306\" src=\"https:\/\/ladailypost.com\/wp-content\/uploads\/2025\/07\/Screenshot-2025-07-23-114257.png\" alt=\"\" width=\"629\" height=\"773\" \/><br \/><img decoding=\"async\" loading=\"lazy\" class=\"size-full wp-image-543391 alignleft\" src=\"https:\/\/ladailypost.com\/wp-content\/uploads\/2019\/10\/Los-Alamos-Daily-Post-Globe_1.jpg\" alt=\"\" width=\"150\" height=\"147\" \/><br \/><span style=\"font-size: 12px;\"><span style=\"font-family: arial,helvetica,sans-serif;\"><em>Copyright \u00a9 2012-2025 Los Alamos Daily Post es el Peri\u00f3dico Oficial del Condado de Los Alamos. Este sitio y toda la informaci\u00f3n contenida aqu\u00ed, incluyendo pero no limitado a noticias, fotograf\u00edas, videos, tablas, gr\u00e1ficos y gr\u00e1ficos es propiedad de Los Alamos Daily Post, a menos que se indique lo contrario. Se autoriza la reimpresi\u00f3n total o parcial, siempre que se cite debidamente a Los Alamos Daily Post y al autor\/fot\u00f3grafo. Las opiniones expresadas por los lectores, columnistas y otros colaboradores no reflejan necesariamente los puntos de vista de Los Alamos Daily Post. El peri\u00f3dico Los Alamos Daily Post fue fundado\u00a0<\/em><\/span><\/span><em style=\"font-family: arial, helvetica, sans-serif; font-size: 12px;\">10 de febrero de 2012\u00a0<\/em><em style=\"font-family: arial, helvetica, sans-serif; font-size: 12px;\">por la propietaria\/editora Carol A. Clark.<\/em><\/p>\n<p><a href=\"https:\/\/news.google.com\/rss\/articles\/CBMiZ0FVX3lxTE1WajFOcGxYSzhPUkh0QnpySGhheUk5TG1wUk5WSXJ2MVlCNURZelg5SXUzUklKWk9XNDRuQ2RhZUlCcmpfMnlmUk9fWFFnU2FBTEdnM19Xb3k1ajU3YXNzOERNU0U2VDQ?oc=5\" target=\"_blank\" rel=\"noopener\">fuente<\/a><br \/>Planck Vision Systems fabrica soluciones de imagen t\u00e9rmica para inspecci\u00f3n port\u00e1til y monitorizaci\u00f3n 24\/7 de aplicaciones comerciales, incluyendo<\/p>","protected":false},"excerpt":{"rendered":"<p>Planck Vision Systems fabrica soluciones de imagen t\u00e9rmica para inspecci\u00f3n port\u00e1til y monitorizaci\u00f3n 24\/7 de aplicaciones comerciales incluyendo: Detecci\u00f3n temprana de incendios, fabricaci\u00f3n, subestaciones y t\u00faneles, cuadros y armarios el\u00e9ctricos, instalaciones de almacenamiento, centros de datos y detecci\u00f3n de temperatura corporal elevada. Nuestra empresa tiene su sede en Santa Barbara CA, la capital de las tecnolog\u00edas de detecci\u00f3n por infrarrojos en los Estados Unidos.<\/p>","protected":false},"author":3,"featured_media":31986,"comment_status":"closed","ping_status":"closed","sticky":false,"template":"","format":"standard","meta":{"_et_pb_use_builder":"","_et_pb_old_content":"","_et_gb_content_width":"","footnotes":""},"categories":[613],"tags":[426,322,446],"class_list":["post-31985","post","type-post","status-publish","format-standard","has-post-thumbnail","hentry","category-fire-protection","tag-thermalimage___en","tag-fire","tag-planck-vision-system___en"],"_links":{"self":[{"href":"https:\/\/seehiddenproblems.com\/es\/wp-json\/wp\/v2\/posts\/31985","targetHints":{"allow":["GET"]}}],"collection":[{"href":"https:\/\/seehiddenproblems.com\/es\/wp-json\/wp\/v2\/posts"}],"about":[{"href":"https:\/\/seehiddenproblems.com\/es\/wp-json\/wp\/v2\/types\/post"}],"author":[{"embeddable":true,"href":"https:\/\/seehiddenproblems.com\/es\/wp-json\/wp\/v2\/users\/3"}],"replies":[{"embeddable":true,"href":"https:\/\/seehiddenproblems.com\/es\/wp-json\/wp\/v2\/comments?post=31985"}],"version-history":[{"count":0,"href":"https:\/\/seehiddenproblems.com\/es\/wp-json\/wp\/v2\/posts\/31985\/revisions"}],"wp:featuredmedia":[{"embeddable":true,"href":"https:\/\/seehiddenproblems.com\/es\/wp-json\/wp\/v2\/media\/31986"}],"wp:attachment":[{"href":"https:\/\/seehiddenproblems.com\/es\/wp-json\/wp\/v2\/media?parent=31985"}],"wp:term":[{"taxonomy":"category","embeddable":true,"href":"https:\/\/seehiddenproblems.com\/es\/wp-json\/wp\/v2\/categories?post=31985"},{"taxonomy":"post_tag","embeddable":true,"href":"https:\/\/seehiddenproblems.com\/es\/wp-json\/wp\/v2\/tags?post=31985"}],"curies":[{"name":"wp","href":"https:\/\/api.w.org\/{rel}","templated":true}]}}